
{"id":14846,"date":"2023-11-14T15:41:57","date_gmt":"2023-11-14T07:41:57","guid":{"rendered":"https:\/\/www.rebehair.com\/?p=14846"},"modified":"2023-11-14T15:42:42","modified_gmt":"2023-11-14T07:42:42","slug":"hand-tied-vs-machine-wefts-the-differences-between-them","status":"publish","type":"post","link":"https:\/\/www.rebehair.com\/fr\/hand-tied-vs-machine-wefts-the-differences-between-them\/","title":{"rendered":"Trames nou\u00e9es \u00e0 la main ou \u00e0 la machine\u00a0: les diff\u00e9rences entre elles"},"content":{"rendered":"<p><a href=\"https:\/\/www.rebehair.com\/fr\/hand-tied-hair-extensions\/\">Trames nou\u00e9es \u00e0 la main<\/a> et <a href=\"https:\/\/www.rebehair.com\/fr\/hair-weaves-100-human-hair\/\">trames de machines<\/a> se ressemblent tellement que le mauvais type d\u2019extension est parfois install\u00e9, laissant les clients insatisfaits.<\/p>\n<p>Alors, comment pouvez-vous faire la diff\u00e9rence entre les trames nou\u00e9es \u00e0 la main et celles \u00e0 la machine\u00a0?<\/p>\n<p><a href=\"https:\/\/www.rebehair.com\/fr\/\"><u>Cheveux Reb\u00e9<\/u><\/a>\u00a0a cr\u00e9\u00e9 ce guide pratique pour vous aider \u00e0 diff\u00e9rencier les deux.<\/p>\n<p><a href=\"https:\/\/www.rebehair.com\/wp-content\/uploads\/2023\/11\/\u673a\u5668\u548c\u624b\u5de5\u7eac\u7eb1.jpg\"><img decoding=\"async\" loading=\"lazy\" class=\"alignnone size-full wp-image-14848\" src=\"https:\/\/www.rebehair.com\/wp-content\/uploads\/2023\/11\/\u673a\u5668\u548c\u624b\u5de5\u7eac\u7eb1.jpg\" alt=\"\" width=\"1000\" height=\"750\" srcset=\"https:\/\/www.rebehair.com\/wp-content\/uploads\/2023\/11\/\u673a\u5668\u548c\u624b\u5de5\u7eac\u7eb1.jpg 1000w, https:\/\/www.rebehair.com\/wp-content\/uploads\/2023\/11\/\u673a\u5668\u548c\u624b\u5de5\u7eac\u7eb1-533x400.jpg 533w, https:\/\/www.rebehair.com\/wp-content\/uploads\/2023\/11\/\u673a\u5668\u548c\u624b\u5de5\u7eac\u7eb1-768x576.jpg 768w, https:\/\/www.rebehair.com\/wp-content\/uploads\/2023\/11\/\u673a\u5668\u548c\u624b\u5de5\u7eac\u7eb1-125x94.jpg 125w, https:\/\/www.rebehair.com\/wp-content\/uploads\/2023\/11\/\u673a\u5668\u548c\u624b\u5de5\u7eac\u7eb1-75x56.jpg 75w, https:\/\/www.rebehair.com\/wp-content\/uploads\/2023\/11\/\u673a\u5668\u548c\u624b\u5de5\u7eac\u7eb1-16x12.jpg 16w, https:\/\/www.rebehair.com\/wp-content\/uploads\/2023\/11\/\u673a\u5668\u548c\u624b\u5de5\u7eac\u7eb1-600x450.jpg 600w\" sizes=\"(max-width: 1000px) 100vw, 1000px\" \/><\/a><\/p>\n<h2><strong>Comment ils sont fabriqu\u00e9s <\/strong><\/h2>\n<p>Le processus de fabrication est implicite dans leurs noms.<\/p>\n<p><a href=\"https:\/\/www.rebehair.com\/fr\/hand-tied-hair-extensions\/\">Extensions nou\u00e9es \u00e0 la main<\/a> sont tiss\u00e9s manuellement. Le travailleur attache les cheveux \u00e0 la couture de l&#039;extension et les noue en place, ce qui donne une trame fine et plate. D&#039;un autre c\u00f4t\u00e9, les trames \u00e0 la machine sont cousues \u00e0 l&#039;aide d&#039;une machine industrielle qui coud les cheveux sur un mat\u00e9riau de base suffisamment grand pour saisir, ce qui les rend plus volumineux.<\/p>\n<h2><strong>Cuticule vs non cuticule <\/strong><\/h2>\n<p>Les trames nou\u00e9es \u00e0 la main fabriqu\u00e9es avec des cheveux humains 100% peuvent avoir des cuticules, une couche de cellules mortes qui prot\u00e8gent les cheveux des dommages. Cela leur donne un rebond, une brillance et une \u00e9lasticit\u00e9 naturels tout en leur permettant de conserver leur couleur, leur forme et leur texture pour un look plus homog\u00e8ne.<\/p>\n<p>Cependant, ces propri\u00e9t\u00e9s ne sont pas obtenues avec les trames m\u00e9caniques.<\/p>\n<p>Les trames \u00e0 la machine sont souvent lav\u00e9es \u00e0 l&#039;acide pour \u00e9liminer leurs cuticules. Mais s\u2019ils sont fabriqu\u00e9s \u00e0 partir de cheveux humains remy, ils correspondront \u00e0 l\u2019apparence et au toucher de vos vraies m\u00e8ches. Le seul probl\u00e8me est que vous devrez les remplacer tous les 3 mois environ.<\/p>\n<p><a href=\"https:\/\/www.rebehair.com\/wp-content\/uploads\/2023\/11\/\u5bc6\u5ea6.jpg\"><img decoding=\"async\" loading=\"lazy\" class=\"alignnone size-full wp-image-14849\" src=\"https:\/\/www.rebehair.com\/wp-content\/uploads\/2023\/11\/\u5bc6\u5ea6.jpg\" alt=\"\" width=\"1000\" height=\"750\" srcset=\"https:\/\/www.rebehair.com\/wp-content\/uploads\/2023\/11\/\u5bc6\u5ea6.jpg 1000w, https:\/\/www.rebehair.com\/wp-content\/uploads\/2023\/11\/\u5bc6\u5ea6-533x400.jpg 533w, https:\/\/www.rebehair.com\/wp-content\/uploads\/2023\/11\/\u5bc6\u5ea6-768x576.jpg 768w, https:\/\/www.rebehair.com\/wp-content\/uploads\/2023\/11\/\u5bc6\u5ea6-125x94.jpg 125w, https:\/\/www.rebehair.com\/wp-content\/uploads\/2023\/11\/\u5bc6\u5ea6-75x56.jpg 75w, https:\/\/www.rebehair.com\/wp-content\/uploads\/2023\/11\/\u5bc6\u5ea6-16x12.jpg 16w, https:\/\/www.rebehair.com\/wp-content\/uploads\/2023\/11\/\u5bc6\u5ea6-600x450.jpg 600w\" sizes=\"(max-width: 1000px) 100vw, 1000px\" \/><\/a><\/p>\n<h2><strong>Densit\u00e9 <\/strong><\/h2>\n<p>Vous pouvez cr\u00e9er un look volumis\u00e9 qui compl\u00e8te les motifs de boucles ou de vagues du client en empilant une trame sur une autre. Puisqu&#039;ils sont fins, ils se fondent parfaitement lorsqu&#039;ils sont superpos\u00e9s sans cr\u00e9er une apparence disgracieuse sur le cuir chevelu du client. Ils peuvent \u00e9galement durer jusqu\u2019\u00e0 un an avec des soins et un entretien capillaires appropri\u00e9s et coh\u00e9rents.<\/p>\n<p>En revanche, les trames nou\u00e9es \u00e0 la machine peuvent \u00eatre 2 \u00e0 3 fois plus denses que les extensions nou\u00e9es \u00e0 la main. En tant que tels, ils sont disponibles dans une seule densit\u00e9, ce qui est id\u00e9al pour ceux qui cherchent \u00e0 ajouter du volume \u00e0 leurs cheveux sans augmenter le nombre de trames. Et comme elles offrent plus de possibilit\u00e9s de personnalisation, vous pouvez obtenir une apparence plus esth\u00e9tique avec des trames nou\u00e9es \u00e0 la machine.<\/p>\n<h2><strong>Tarifs <\/strong><\/h2>\n<p>Le prix est plus ou moins d\u00e9termin\u00e9 par le temps n\u00e9cessaire \u00e0 la fabrication des trames. Comme les variantes li\u00e9es \u00e0 la main n\u00e9cessitent beaucoup de main d&#039;\u0153uvre, prenant jusqu&#039;\u00e0 8 \u00e0 10 heures pour produire un ensemble complet, elles sont plus ch\u00e8res que les extensions li\u00e9es \u00e0 la machine.<\/p>\n<p>Vous pouvez cependant faire baisser le prix d&#039;un ensemble en investissant dans <a href=\"https:\/\/www.rebehair.com\/fr\/rebe-hair-products-catalog\/\"><strong>vente en gros extensions de cheveux<\/strong><\/a>\u00a0d&#039;un leader <a href=\"https:\/\/www.rebehair.com\/fr\/\"><strong>fournisseur de cheveux<\/strong><\/a>\u00a0comme <a href=\"https:\/\/www.rebehair.com\/fr\/\">Cheveux Reb\u00e9<\/a>.<\/p>\n<p><a href=\"https:\/\/www.rebehair.com\/wp-content\/uploads\/2023\/11\/\u4ef7\u683c.jpg\"><img decoding=\"async\" loading=\"lazy\" class=\"alignnone size-full wp-image-14850\" src=\"https:\/\/www.rebehair.com\/wp-content\/uploads\/2023\/11\/\u4ef7\u683c.jpg\" alt=\"\" width=\"1000\" height=\"750\" srcset=\"https:\/\/www.rebehair.com\/wp-content\/uploads\/2023\/11\/\u4ef7\u683c.jpg 1000w, https:\/\/www.rebehair.com\/wp-content\/uploads\/2023\/11\/\u4ef7\u683c-533x400.jpg 533w, https:\/\/www.rebehair.com\/wp-content\/uploads\/2023\/11\/\u4ef7\u683c-768x576.jpg 768w, https:\/\/www.rebehair.com\/wp-content\/uploads\/2023\/11\/\u4ef7\u683c-125x94.jpg 125w, https:\/\/www.rebehair.com\/wp-content\/uploads\/2023\/11\/\u4ef7\u683c-75x56.jpg 75w, https:\/\/www.rebehair.com\/wp-content\/uploads\/2023\/11\/\u4ef7\u683c-16x12.jpg 16w, https:\/\/www.rebehair.com\/wp-content\/uploads\/2023\/11\/\u4ef7\u683c-600x450.jpg 600w\" sizes=\"(max-width: 1000px) 100vw, 1000px\" \/><\/a><\/p>\n<h2><strong>Potentiel de personnalisation <\/strong><\/h2>\n<p>Les extensions nou\u00e9es \u00e0 la main sont cousues sur une ligne continue de fil, vous ne pouvez donc pas les couper dans une forme diff\u00e9rente. Cependant, vous pouvez toujours appliquer moins de trames pour obtenir le volume souhait\u00e9 sans alourdir vos cheveux naturels. Si vous ignorez les instructions du fabricant et coupez-les sur mesure, les brins attach\u00e9s s&#039;effilocheront rapidement.<\/p>\n<p>Ce n&#039;est pas un probl\u00e8me auquel vous \u00eates confront\u00e9 avec les cheveux attach\u00e9s \u00e0 la machine qui peuvent \u00eatre coup\u00e9s \u00e0 n&#039;importe quelle longueur gr\u00e2ce \u00e0 leur processus de fabrication.<\/p>\n<h2><strong>\u00c9paisseur et flexibilit\u00e9 <\/strong><\/h2>\n<p>Les trames nou\u00e9es \u00e0 la main sont plus fines que les trames nou\u00e9es \u00e0 la machine, ce qui les rend plus flexibles. Ils reposent \u00e0 plat contre la t\u00eate et ne sont pas d\u00e9tectables. Une personne devra regarder attentivement avant de pouvoir dire qu\u2019elle ne fait pas partie de votre crini\u00e8re\u00a0! Par cons\u00e9quent, vous pouvez les styliser comme vous le souhaitez. Vous pouvez m\u00eame les utiliser pour des chignons et des queues de cheval.<\/p>\n<p>Faites attention lorsque vous faites la m\u00eame chose avec les trames de machine car elles auront l&#039;air volumineuses<\/p>\n<h2><strong>Le verdict\u00a0: mains li\u00e9es contre. Trames nou\u00e9es \u00e0 la machine<\/strong><\/h2>\n<p><a href=\"https:\/\/www.rebehair.com\/fr\/categorie-produit\/hair-extensions\/hand-tied-wefts\/\"><u>Trames nou\u00e9es \u00e0 la main<\/u><\/a>\u00a0sont un choix populaire car ils sont l\u00e9gers, reposent confortablement sur votre cuir chevelu et se fondent facilement avec vos cheveux naturels. Mais parfois, les clients recherchent la personnalisation, et c\u2019est l\u00e0 que les trames m\u00e9caniques s\u2019av\u00e8rent utiles.<\/p>\n<p>Si vous n&#039;\u00eates pas s\u00fbr de ce dont vous avez besoin, contactez notre service client au 1-888-669-8396 ou consultez notre <a href=\"https:\/\/www.rebehair.com\/fr\/contact\/\"><u>d\u00e9tails sur les e-mails, Skype et Whatsapp<\/u><\/a>.<\/p>\n<p>Qui sait? Peut-\u00eatre que tu d\u00e9cideras de partir avec <strong>vente en gros perruques en dentelle<\/strong>\u00a0apr\u00e8s tout!<\/p>","protected":false},"excerpt":{"rendered":"<p>Les trames nou\u00e9es \u00e0 la main et les trames \u00e0 la machine se ressemblent tellement que le mauvais type d&#039;extension est parfois install\u00e9, laissant les clients insatisfaits. Alors, comment pouvez-vous faire la diff\u00e9rence entre les trames nou\u00e9es \u00e0 la main et celles \u00e0 la machine\u00a0? Rebe Hair a cr\u00e9\u00e9 ce guide pratique pour vous aider \u00e0 diff\u00e9rencier les deux. Comment ils sont fabriqu\u00e9s Le processus de fabrication est implicite dans leurs noms. [\u2026]","protected":false},"author":1,"featured_media":0,"comment_status":"open","ping_status":"open","sticky":false,"template":"","format":"standard","meta":{"footnotes":""},"categories":[51,312,77,1],"tags":[540,586,595,550,594,596,539,491,493,59,497,559,556],"yoast_head":"<!-- This site is optimized with the Yoast SEO plugin v20.11 - https:\/\/yoast.com\/wordpress\/plugins\/seo\/ -->\n<title>Hand Tied vs. Machine Wefts: the Differences Between Them - RebeHair Extension Factory<\/title>\n<meta name=\"description\" content=\"Hand Tied vs. Machine Wefts: the Differences Between Them - RebeHair Extension Factory\" \/>\n<meta name=\"robots\" content=\"index, follow, max-snippet:-1, max-image-preview:large, max-video-preview:-1\" \/>\n<link rel=\"canonical\" href=\"https:\/\/www.rebehair.com\/fr\/hand-tied-vs-machine-wefts-the-differences-between-them\/\" \/>\n<meta property=\"og:locale\" content=\"fr_FR\" \/>\n<meta property=\"og:type\" content=\"article\" \/>\n<meta property=\"og:title\" content=\"Hand Tied vs. Machine Wefts: the Differences Between Them - RebeHair Extension Factory\" \/>\n<meta property=\"og:description\" content=\"Hand Tied vs. Machine Wefts: the Differences Between Them - RebeHair Extension Factory\" \/>\n<meta property=\"og:url\" content=\"https:\/\/www.rebehair.com\/fr\/hand-tied-vs-machine-wefts-the-differences-between-them\/\" \/>\n<meta property=\"og:site_name\" content=\"RebeHair Extension Factory\" \/>\n<meta property=\"article:published_time\" content=\"2023-11-14T07:41:57+00:00\" \/>\n<meta property=\"article:modified_time\" content=\"2023-11-14T07:42:42+00:00\" \/>\n<meta name=\"author\" content=\"Jack\" \/>\n<meta name=\"twitter:card\" content=\"summary_large_image\" \/>\n<meta name=\"twitter:label1\" content=\"\u00c9crit par\" \/>\n\t<meta name=\"twitter:data1\" content=\"Jack\" \/>\n\t<meta name=\"twitter:label2\" content=\"Dur\u00e9e de lecture estim\u00e9e\" \/>\n\t<meta name=\"twitter:data2\" content=\"4 minutes\" \/>\n<script type=\"application\/ld+json\" class=\"yoast-schema-graph\">{\"@context\":\"https:\/\/schema.org\",\"@graph\":[{\"@type\":\"WebPage\",\"@id\":\"https:\/\/www.rebehair.com\/hand-tied-vs-machine-wefts-the-differences-between-them\/\",\"url\":\"https:\/\/www.rebehair.com\/hand-tied-vs-machine-wefts-the-differences-between-them\/\",\"name\":\"Hand Tied vs. Machine Wefts: the Differences Between Them - RebeHair Extension Factory\",\"isPartOf\":{\"@id\":\"https:\/\/www.rebehair.com\/#website\"},\"datePublished\":\"2023-11-14T07:41:57+00:00\",\"dateModified\":\"2023-11-14T07:42:42+00:00\",\"author\":{\"@id\":\"https:\/\/www.rebehair.com\/#\/schema\/person\/4a912d047094af3d4121b5b856bf87ee\"},\"description\":\"Hand Tied vs. Machine Wefts: the Differences Between Them - RebeHair Extension Factory\",\"breadcrumb\":{\"@id\":\"https:\/\/www.rebehair.com\/hand-tied-vs-machine-wefts-the-differences-between-them\/#breadcrumb\"},\"inLanguage\":\"fr-FR\",\"potentialAction\":[{\"@type\":\"ReadAction\",\"target\":[\"https:\/\/www.rebehair.com\/hand-tied-vs-machine-wefts-the-differences-between-them\/\"]}]},{\"@type\":\"BreadcrumbList\",\"@id\":\"https:\/\/www.rebehair.com\/hand-tied-vs-machine-wefts-the-differences-between-them\/#breadcrumb\",\"itemListElement\":[{\"@type\":\"ListItem\",\"position\":1,\"name\":\"Home\",\"item\":\"https:\/\/www.rebehair.com\/\"},{\"@type\":\"ListItem\",\"position\":2,\"name\":\"Hand Tied vs. Machine Wefts: the Differences Between Them\"}]},{\"@type\":\"WebSite\",\"@id\":\"https:\/\/www.rebehair.com\/#website\",\"url\":\"https:\/\/www.rebehair.com\/\",\"name\":\"RebeHair Extension Factory\",\"description\":\"\",\"potentialAction\":[{\"@type\":\"SearchAction\",\"target\":{\"@type\":\"EntryPoint\",\"urlTemplate\":\"https:\/\/www.rebehair.com\/?s={search_term_string}\"},\"query-input\":\"required name=search_term_string\"}],\"inLanguage\":\"fr-FR\"},{\"@type\":\"Person\",\"@id\":\"https:\/\/www.rebehair.com\/#\/schema\/person\/4a912d047094af3d4121b5b856bf87ee\",\"name\":\"Jack\",\"image\":{\"@type\":\"ImageObject\",\"inLanguage\":\"fr-FR\",\"@id\":\"https:\/\/www.rebehair.com\/#\/schema\/person\/image\/\",\"url\":\"https:\/\/secure.gravatar.com\/avatar\/779e570b8710d5be936ed5e082d63da5?s=96&d=mm&r=g\",\"contentUrl\":\"https:\/\/secure.gravatar.com\/avatar\/779e570b8710d5be936ed5e082d63da5?s=96&d=mm&r=g\",\"caption\":\"Jack\"},\"description\":\"I focused on supply best quality hair products to our customers,I share the most useful hair extensions branding,marketing info.\",\"url\":\"https:\/\/www.rebehair.com\/fr\/author\/admin\/\"}]}<\/script>\n<!-- \/ Yoast SEO plugin. -->","yoast_head_json":{"title":"Hand Tied vs. Machine Wefts: the Differences Between Them - RebeHair Extension Factory","description":"Hand Tied vs. Machine Wefts: the Differences Between Them - RebeHair Extension Factory","robots":{"index":"index","follow":"follow","max-snippet":"max-snippet:-1","max-image-preview":"max-image-preview:large","max-video-preview":"max-video-preview:-1"},"canonical":"https:\/\/www.rebehair.com\/fr\/hand-tied-vs-machine-wefts-the-differences-between-them\/","og_locale":"fr_FR","og_type":"article","og_title":"Hand Tied vs. Machine Wefts: the Differences Between Them - RebeHair Extension Factory","og_description":"Hand Tied vs. Machine Wefts: the Differences Between Them - RebeHair Extension Factory","og_url":"https:\/\/www.rebehair.com\/fr\/hand-tied-vs-machine-wefts-the-differences-between-them\/","og_site_name":"RebeHair Extension Factory","article_published_time":"2023-11-14T07:41:57+00:00","article_modified_time":"2023-11-14T07:42:42+00:00","author":"Jack","twitter_card":"summary_large_image","twitter_misc":{"\u00c9crit par":"Jack","Dur\u00e9e de lecture estim\u00e9e":"4 minutes"},"schema":{"@context":"https:\/\/schema.org","@graph":[{"@type":"WebPage","@id":"https:\/\/www.rebehair.com\/hand-tied-vs-machine-wefts-the-differences-between-them\/","url":"https:\/\/www.rebehair.com\/hand-tied-vs-machine-wefts-the-differences-between-them\/","name":"Hand Tied vs. Machine Wefts: the Differences Between Them - RebeHair Extension Factory","isPartOf":{"@id":"https:\/\/www.rebehair.com\/#website"},"datePublished":"2023-11-14T07:41:57+00:00","dateModified":"2023-11-14T07:42:42+00:00","author":{"@id":"https:\/\/www.rebehair.com\/#\/schema\/person\/4a912d047094af3d4121b5b856bf87ee"},"description":"Hand Tied vs. Machine Wefts: the Differences Between Them - RebeHair Extension Factory","breadcrumb":{"@id":"https:\/\/www.rebehair.com\/hand-tied-vs-machine-wefts-the-differences-between-them\/#breadcrumb"},"inLanguage":"fr-FR","potentialAction":[{"@type":"ReadAction","target":["https:\/\/www.rebehair.com\/hand-tied-vs-machine-wefts-the-differences-between-them\/"]}]},{"@type":"BreadcrumbList","@id":"https:\/\/www.rebehair.com\/hand-tied-vs-machine-wefts-the-differences-between-them\/#breadcrumb","itemListElement":[{"@type":"ListItem","position":1,"name":"Home","item":"https:\/\/www.rebehair.com\/"},{"@type":"ListItem","position":2,"name":"Hand Tied vs. Machine Wefts: the Differences Between Them"}]},{"@type":"WebSite","@id":"https:\/\/www.rebehair.com\/#website","url":"https:\/\/www.rebehair.com\/","name":"RebeHair Extension Factory","description":"","potentialAction":[{"@type":"SearchAction","target":{"@type":"EntryPoint","urlTemplate":"https:\/\/www.rebehair.com\/?s={search_term_string}"},"query-input":"required name=search_term_string"}],"inLanguage":"fr-FR"},{"@type":"Person","@id":"https:\/\/www.rebehair.com\/#\/schema\/person\/4a912d047094af3d4121b5b856bf87ee","name":"Jack","image":{"@type":"ImageObject","inLanguage":"fr-FR","@id":"https:\/\/www.rebehair.com\/#\/schema\/person\/image\/","url":"https:\/\/secure.gravatar.com\/avatar\/779e570b8710d5be936ed5e082d63da5?s=96&d=mm&r=g","contentUrl":"https:\/\/secure.gravatar.com\/avatar\/779e570b8710d5be936ed5e082d63da5?s=96&d=mm&r=g","caption":"Jack"},"description":"I focused on supply best quality hair products to our customers,I share the most useful hair extensions branding,marketing info.","url":"https:\/\/www.rebehair.com\/fr\/author\/admin\/"}]}},"_links":{"self":[{"href":"https:\/\/www.rebehair.com\/fr\/wp-json\/wp\/v2\/posts\/14846"}],"collection":[{"href":"https:\/\/www.rebehair.com\/fr\/wp-json\/wp\/v2\/posts"}],"about":[{"href":"https:\/\/www.rebehair.com\/fr\/wp-json\/wp\/v2\/types\/post"}],"author":[{"embeddable":true,"href":"https:\/\/www.rebehair.com\/fr\/wp-json\/wp\/v2\/users\/1"}],"replies":[{"embeddable":true,"href":"https:\/\/www.rebehair.com\/fr\/wp-json\/wp\/v2\/comments?post=14846"}],"version-history":[{"count":2,"href":"https:\/\/www.rebehair.com\/fr\/wp-json\/wp\/v2\/posts\/14846\/revisions"}],"predecessor-version":[{"id":14851,"href":"https:\/\/www.rebehair.com\/fr\/wp-json\/wp\/v2\/posts\/14846\/revisions\/14851"}],"wp:attachment":[{"href":"https:\/\/www.rebehair.com\/fr\/wp-json\/wp\/v2\/media?parent=14846"}],"wp:term":[{"taxonomy":"category","embeddable":true,"href":"https:\/\/www.rebehair.com\/fr\/wp-json\/wp\/v2\/categories?post=14846"},{"taxonomy":"post_tag","embeddable":true,"href":"https:\/\/www.rebehair.com\/fr\/wp-json\/wp\/v2\/tags?post=14846"}],"curies":[{"name":"wp","href":"https:\/\/api.w.org\/{rel}","templated":true}]}}